{"id":4255,"date":"2019-06-21T13:15:28","date_gmt":"2019-06-21T11:15:28","guid":{"rendered":"https:\/\/apdl.lu\/?p=4255"},"modified":"2020-11-05T20:34:07","modified_gmt":"2020-11-05T19:34:07","slug":"6e-ag-de-lapdl","status":"publish","type":"post","link":"https:\/\/apdl.lu\/en\/2019\/06\/6e-ag-de-lapdl\/","title":{"rendered":"5e AG de l&#8217;APDL"},"content":{"rendered":"<p>Mardi 18 juin, l&#8217;APDL a tenue son Assembl\u00e9e G\u00e9n\u00e9rale Annuelle au cours de laquelle Madame Emma Goodwin a \u00e9t\u00e9 \u00e9lue \u00e0 l&#8217;unanimit\u00e9\u00a0au poste d&#8217;administrateur.<br \/>\nL&#8217; Assembl\u00e9e G\u00e9n\u00e9rale\u00a0\u00a0a \u00e9t\u00e9 suivi\u00a0de l&#8217;intervention de Monsieur Vincent Wellens, de la soci\u00e9t\u00e9 NautaDutilh sur le th\u00e8me suivant :&#8221;The Ten Biggest Mistakes in GDPR gap analysis &amp; remediation&#8221;.<\/p>\n","protected":false},"excerpt":{"rendered":"<p>Mardi 18 juin, l&#8217;APDL a tenue son Assembl\u00e9e G\u00e9n\u00e9rale Annuelle au cours de laquelle Madame Emma Goodwin a \u00e9t\u00e9 \u00e9lue \u00e0 l&#8217;unanimit\u00e9\u00a0au poste d&#8217;administrateur. L&#8217; Assembl\u00e9e G\u00e9n\u00e9rale\u00a0\u00a0a \u00e9t\u00e9 suivi\u00a0de l&#8217;intervention de Monsieur Vincent Wellens, de la soci\u00e9t\u00e9 NautaDutilh sur le th\u00e8me suivant :&#8221;The Ten Biggest Mistakes in GDPR gap analysis &amp; remediation&#8221;.<\/p>\n","protected":false},"author":2,"featured_media":3467,"comment_status":"closed","ping_status":"closed","sticky":false,"template":"","format":"standard","meta":[],"categories":[16],"tags":[],"yoast_head":"<!-- This site is optimized with the Yoast SEO plugin v19.5.1 - https:\/\/yoast.com\/wordpress\/plugins\/seo\/ -->\n<title>5e AG de l&#039;APDL - APDL<\/title>\n<meta name=\"robots\" content=\"index, follow, max-snippet:-1, max-image-preview:large, max-video-preview:-1\" \/>\n<link rel=\"canonical\" href=\"https:\/\/apdl.lu\/2019\/06\/6e-ag-de-lapdl\/\" \/>\n<meta property=\"og:locale\" content=\"en_US\" \/>\n<meta property=\"og:type\" content=\"article\" \/>\n<meta property=\"og:title\" content=\"5e AG de l&#039;APDL - APDL\" \/>\n<meta property=\"og:description\" content=\"Mardi 18 juin, l&#8217;APDL a tenue son Assembl\u00e9e G\u00e9n\u00e9rale Annuelle au cours de laquelle Madame Emma Goodwin a \u00e9t\u00e9 \u00e9lue \u00e0 l&#8217;unanimit\u00e9\u00a0au poste d&#8217;administrateur. L&#8217; Assembl\u00e9e G\u00e9n\u00e9rale\u00a0\u00a0a \u00e9t\u00e9 suivi\u00a0de l&#8217;intervention de Monsieur Vincent Wellens, de la soci\u00e9t\u00e9 NautaDutilh sur le th\u00e8me suivant :&#8221;The Ten Biggest Mistakes in GDPR gap analysis &amp; remediation&#8221;.\" \/>\n<meta property=\"og:url\" content=\"https:\/\/apdl.lu\/2019\/06\/6e-ag-de-lapdl\/\" \/>\n<meta property=\"og:site_name\" content=\"APDL\" \/>\n<meta property=\"article:published_time\" content=\"2019-06-21T11:15:28+00:00\" \/>\n<meta property=\"article:modified_time\" content=\"2020-11-05T19:34:07+00:00\" \/>\n<meta property=\"og:image\" content=\"https:\/\/apdl.lu\/wp-content\/uploads\/2016\/10\/ico-apdl.png\" \/>\n\t<meta property=\"og:image:width\" content=\"351\" \/>\n\t<meta property=\"og:image:height\" content=\"361\" \/>\n\t<meta property=\"og:image:type\" content=\"image\/png\" \/>\n<meta name=\"author\" content=\"Administrateur APDL\" \/>\n<meta name=\"twitter:card\" content=\"summary_large_image\" \/>\n<meta name=\"twitter:creator\" content=\"@apdl_lu\" \/>\n<meta name=\"twitter:site\" content=\"@apdl_lu\" \/>\n<meta name=\"twitter:label1\" content=\"Written by\" \/>\n\t<meta name=\"twitter:data1\" content=\"Administrateur APDL\" \/>\n<script type=\"application\/ld+json\" class=\"yoast-schema-graph\">{\"@context\":\"https:\/\/schema.org\",\"@graph\":[{\"@type\":\"WebPage\",\"@id\":\"https:\/\/apdl.lu\/2019\/06\/6e-ag-de-lapdl\/\",\"url\":\"https:\/\/apdl.lu\/2019\/06\/6e-ag-de-lapdl\/\",\"name\":\"5e AG de l'APDL - APDL\",\"isPartOf\":{\"@id\":\"https:\/\/apdl.lu\/#website\"},\"datePublished\":\"2019-06-21T11:15:28+00:00\",\"dateModified\":\"2020-11-05T19:34:07+00:00\",\"author\":{\"@id\":\"https:\/\/apdl.lu\/#\/schema\/person\/62762ff19ff7944c67e9eeeb0be2bb14\"},\"breadcrumb\":{\"@id\":\"https:\/\/apdl.lu\/2019\/06\/6e-ag-de-lapdl\/#breadcrumb\"},\"inLanguage\":\"en-US\",\"potentialAction\":[{\"@type\":\"ReadAction\",\"target\":[\"https:\/\/apdl.lu\/2019\/06\/6e-ag-de-lapdl\/\"]}]},{\"@type\":\"BreadcrumbList\",\"@id\":\"https:\/\/apdl.lu\/2019\/06\/6e-ag-de-lapdl\/#breadcrumb\",\"itemListElement\":[{\"@type\":\"ListItem\",\"position\":1,\"name\":\"Accueil\",\"item\":\"https:\/\/apdl.lu\/\"},{\"@type\":\"ListItem\",\"position\":2,\"name\":\"5e AG de l&#8217;APDL\"}]},{\"@type\":\"WebSite\",\"@id\":\"https:\/\/apdl.lu\/#website\",\"url\":\"https:\/\/apdl.lu\/\",\"name\":\"APDL\",\"description\":\"\",\"potentialAction\":[{\"@type\":\"SearchAction\",\"target\":{\"@type\":\"EntryPoint\",\"urlTemplate\":\"https:\/\/apdl.lu\/?s={search_term_string}\"},\"query-input\":\"required name=search_term_string\"}],\"inLanguage\":\"en-US\"},{\"@type\":\"Person\",\"@id\":\"https:\/\/apdl.lu\/#\/schema\/person\/62762ff19ff7944c67e9eeeb0be2bb14\",\"name\":\"Administrateur APDL\",\"image\":{\"@type\":\"ImageObject\",\"inLanguage\":\"en-US\",\"@id\":\"https:\/\/apdl.lu\/#\/schema\/person\/image\/\",\"url\":\"https:\/\/secure.gravatar.com\/avatar\/49a07aeb8bb890a8b3b766c2687a1362?s=96&d=mm&r=g\",\"contentUrl\":\"https:\/\/secure.gravatar.com\/avatar\/49a07aeb8bb890a8b3b766c2687a1362?s=96&d=mm&r=g\",\"caption\":\"Administrateur APDL\"},\"sameAs\":[\"http:\/\/apdl.lu\"],\"url\":\"https:\/\/apdl.lu\/en\/author\/board\/\"}]}<\/script>\n<!-- \/ Yoast SEO plugin. -->","yoast_head_json":{"title":"5e AG de l'APDL - APDL","robots":{"index":"index","follow":"follow","max-snippet":"max-snippet:-1","max-image-preview":"max-image-preview:large","max-video-preview":"max-video-preview:-1"},"canonical":"https:\/\/apdl.lu\/2019\/06\/6e-ag-de-lapdl\/","og_locale":"en_US","og_type":"article","og_title":"5e AG de l'APDL - APDL","og_description":"Mardi 18 juin, l&#8217;APDL a tenue son Assembl\u00e9e G\u00e9n\u00e9rale Annuelle au cours de laquelle Madame Emma Goodwin a \u00e9t\u00e9 \u00e9lue \u00e0 l&#8217;unanimit\u00e9\u00a0au poste d&#8217;administrateur. L&#8217; Assembl\u00e9e G\u00e9n\u00e9rale\u00a0\u00a0a \u00e9t\u00e9 suivi\u00a0de l&#8217;intervention de Monsieur Vincent Wellens, de la soci\u00e9t\u00e9 NautaDutilh sur le th\u00e8me suivant :&#8221;The Ten Biggest Mistakes in GDPR gap analysis &amp; remediation&#8221;.","og_url":"https:\/\/apdl.lu\/2019\/06\/6e-ag-de-lapdl\/","og_site_name":"APDL","article_published_time":"2019-06-21T11:15:28+00:00","article_modified_time":"2020-11-05T19:34:07+00:00","og_image":[{"width":351,"height":361,"url":"https:\/\/apdl.lu\/wp-content\/uploads\/2016\/10\/ico-apdl.png","type":"image\/png"}],"author":"Administrateur APDL","twitter_card":"summary_large_image","twitter_creator":"@apdl_lu","twitter_site":"@apdl_lu","twitter_misc":{"Written by":"Administrateur APDL"},"schema":{"@context":"https:\/\/schema.org","@graph":[{"@type":"WebPage","@id":"https:\/\/apdl.lu\/2019\/06\/6e-ag-de-lapdl\/","url":"https:\/\/apdl.lu\/2019\/06\/6e-ag-de-lapdl\/","name":"5e AG de l'APDL - APDL","isPartOf":{"@id":"https:\/\/apdl.lu\/#website"},"datePublished":"2019-06-21T11:15:28+00:00","dateModified":"2020-11-05T19:34:07+00:00","author":{"@id":"https:\/\/apdl.lu\/#\/schema\/person\/62762ff19ff7944c67e9eeeb0be2bb14"},"breadcrumb":{"@id":"https:\/\/apdl.lu\/2019\/06\/6e-ag-de-lapdl\/#breadcrumb"},"inLanguage":"en-US","potentialAction":[{"@type":"ReadAction","target":["https:\/\/apdl.lu\/2019\/06\/6e-ag-de-lapdl\/"]}]},{"@type":"BreadcrumbList","@id":"https:\/\/apdl.lu\/2019\/06\/6e-ag-de-lapdl\/#breadcrumb","itemListElement":[{"@type":"ListItem","position":1,"name":"Accueil","item":"https:\/\/apdl.lu\/"},{"@type":"ListItem","position":2,"name":"5e AG de l&#8217;APDL"}]},{"@type":"WebSite","@id":"https:\/\/apdl.lu\/#website","url":"https:\/\/apdl.lu\/","name":"APDL","description":"","potentialAction":[{"@type":"SearchAction","target":{"@type":"EntryPoint","urlTemplate":"https:\/\/apdl.lu\/?s={search_term_string}"},"query-input":"required name=search_term_string"}],"inLanguage":"en-US"},{"@type":"Person","@id":"https:\/\/apdl.lu\/#\/schema\/person\/62762ff19ff7944c67e9eeeb0be2bb14","name":"Administrateur APDL","image":{"@type":"ImageObject","inLanguage":"en-US","@id":"https:\/\/apdl.lu\/#\/schema\/person\/image\/","url":"https:\/\/secure.gravatar.com\/avatar\/49a07aeb8bb890a8b3b766c2687a1362?s=96&d=mm&r=g","contentUrl":"https:\/\/secure.gravatar.com\/avatar\/49a07aeb8bb890a8b3b766c2687a1362?s=96&d=mm&r=g","caption":"Administrateur APDL"},"sameAs":["http:\/\/apdl.lu"],"url":"https:\/\/apdl.lu\/en\/author\/board\/"}]}},"_links":{"self":[{"href":"https:\/\/apdl.lu\/en\/wp-json\/wp\/v2\/posts\/4255"}],"collection":[{"href":"https:\/\/apdl.lu\/en\/wp-json\/wp\/v2\/posts"}],"about":[{"href":"https:\/\/apdl.lu\/en\/wp-json\/wp\/v2\/types\/post"}],"author":[{"embeddable":true,"href":"https:\/\/apdl.lu\/en\/wp-json\/wp\/v2\/users\/2"}],"replies":[{"embeddable":true,"href":"https:\/\/apdl.lu\/en\/wp-json\/wp\/v2\/comments?post=4255"}],"version-history":[{"count":2,"href":"https:\/\/apdl.lu\/en\/wp-json\/wp\/v2\/posts\/4255\/revisions"}],"predecessor-version":[{"id":4413,"href":"https:\/\/apdl.lu\/en\/wp-json\/wp\/v2\/posts\/4255\/revisions\/4413"}],"wp:featuredmedia":[{"embeddable":true,"href":"https:\/\/apdl.lu\/en\/wp-json\/wp\/v2\/media\/3467"}],"wp:attachment":[{"href":"https:\/\/apdl.lu\/en\/wp-json\/wp\/v2\/media?parent=4255"}],"wp:term":[{"taxonomy":"category","embeddable":true,"href":"https:\/\/apdl.lu\/en\/wp-json\/wp\/v2\/categories?post=4255"},{"taxonomy":"post_tag","embeddable":true,"href":"https:\/\/apdl.lu\/en\/wp-json\/wp\/v2\/tags?post=4255"}],"curies":[{"name":"wp","href":"https:\/\/api.w.org\/{rel}","templated":true}]}}