{"id":4396,"date":"2020-10-14T23:21:12","date_gmt":"2020-10-14T21:21:12","guid":{"rendered":"https:\/\/apdl.lu\/?p=4396"},"modified":"2020-10-14T23:36:57","modified_gmt":"2020-10-14T21:36:57","slug":"6e-assemblee-generale-ordinaire","status":"publish","type":"post","link":"https:\/\/apdl.lu\/en\/2020\/10\/6e-assemblee-generale-ordinaire\/","title":{"rendered":"6th Annual General Meeting"},"content":{"rendered":"<p>The APDL Annual General Meeting \u00a0took place on Wednesday, October 7 in the premises of DSM.<\/p>\n<p>Following the candidacies submitted prior to the General Assembly meeting, fourteen members were elected to replace members of the board of directors at the end of their term of office or who have resigned, in the persons of:<\/p>\n<ol>\n<li>Nathalie SPRAUER<\/li>\n<li>Michael HOFMANN<\/li>\n<li>Renaud LE SQUEREN<\/li>\n<li>Henri DAMIANI<\/li>\n<li>Arnaud CONSTANT<\/li>\n<li>Az\u00e9dine LAMAMRA<\/li>\n<li>Romain SABEL<\/li>\n<li>Toni RISTAGNO<\/li>\n<li>Micka\u00ebl TOME<\/li>\n<li>Georges WANTZ<\/li>\n<li>Laurent CROZIER<\/li>\n<li>Matthieu GATINEAU<\/li>\n<li>Hasan KILICASLAN<\/li>\n<li>G\u00e9raldine FRIANT<\/li>\n<\/ol>\n<p>The AGM was followed by a conference given by Mr Habran of the CNPD on the impact of the Schrems II judgment.<\/p>\n<p><img loading=\"lazy\" class=\"alignnone size-medium wp-image-4373\" src=\"https:\/\/apdl.lu\/wp-content\/uploads\/2020\/10\/IMG_0135-300x138.jpg\" alt=\"\" width=\"300\" height=\"138\" srcset=\"https:\/\/apdl.lu\/wp-content\/uploads\/2020\/10\/IMG_0135-300x138.jpg 300w, https:\/\/apdl.lu\/wp-content\/uploads\/2020\/10\/IMG_0135-768x352.jpg 768w, https:\/\/apdl.lu\/wp-content\/uploads\/2020\/10\/IMG_0135-1536x704.jpg 1536w, https:\/\/apdl.lu\/wp-content\/uploads\/2020\/10\/IMG_0135-2048x939.jpg 2048w, https:\/\/apdl.lu\/wp-content\/uploads\/2020\/10\/IMG_0135-1500x688.jpg 1500w, https:\/\/apdl.lu\/wp-content\/uploads\/2020\/10\/IMG_0135-705x323.jpg 705w, https:\/\/apdl.lu\/wp-content\/uploads\/2020\/10\/IMG_0135-450x206.jpg 450w\" sizes=\"(max-width: 300px) 100vw, 300px\" \/><\/p>\n<p>From left to right: Christophe Buschmann (CNPD), Nathalie Sprauer (Pr\u00e9sidente), Henri Damiani (Secr\u00e9taire), Renaud Le Squeren (Vice Pr\u00e9sident), Arnaud Habran (CNPD)<\/p>","protected":false},"excerpt":{"rendered":"<p>The APDL Annual General Meeting \u00a0took place on Wednesday, October 7 in the premises of DSM. Following the candidacies submitted prior to the General Assembly meeting, fourteen members were elected to replace members of the board of directors at the end of their term of office or who have resigned, in the persons of: Nathalie [&hellip;]<\/p>\n","protected":false},"author":2,"featured_media":4375,"comment_status":"closed","ping_status":"closed","sticky":false,"template":"","format":"standard","meta":[],"categories":[40,16],"tags":[],"yoast_head":"<!-- This site is optimized with the Yoast SEO plugin v19.5.1 - https:\/\/yoast.com\/wordpress\/plugins\/seo\/ -->\n<title>6th Annual General Meeting - APDL<\/title>\n<meta name=\"robots\" content=\"index, follow, max-snippet:-1, max-image-preview:large, max-video-preview:-1\" \/>\n<link rel=\"canonical\" href=\"https:\/\/apdl.lu\/2020\/10\/6e-assemblee-generale-ordinaire\/\" \/>\n<meta property=\"og:locale\" content=\"en_US\" \/>\n<meta property=\"og:type\" content=\"article\" \/>\n<meta property=\"og:title\" content=\"[:fr]6e Assembl\u00e9e G\u00e9n\u00e9rale Ordinaire [:en]6th Annual General Meeting[:] - APDL\" \/>\n<meta property=\"og:description\" content=\"The APDL Annual General Meeting \u00a0took place on Wednesday, October 7 in the premises of DSM. Following the candidacies submitted prior to the General Assembly meeting, fourteen members were elected to replace members of the board of directors at the end of their term of office or who have resigned, in the persons of: Nathalie [&hellip;]\" \/>\n<meta property=\"og:url\" content=\"https:\/\/apdl.lu\/2020\/10\/6e-assemblee-generale-ordinaire\/\" \/>\n<meta property=\"og:site_name\" content=\"APDL\" \/>\n<meta property=\"article:published_time\" content=\"2020-10-14T21:21:12+00:00\" \/>\n<meta property=\"article:modified_time\" content=\"2020-10-14T21:36:57+00:00\" \/>\n<meta property=\"og:image\" content=\"https:\/\/apdl.lu\/wp-content\/uploads\/2020\/10\/IMG_0139.jpg\" \/>\n\t<meta property=\"og:image:width\" content=\"1280\" \/>\n\t<meta property=\"og:image:height\" content=\"849\" \/>\n\t<meta property=\"og:image:type\" content=\"image\/jpeg\" \/>\n<meta name=\"author\" content=\"Administrateur APDL\" \/>\n<meta name=\"twitter:card\" content=\"summary_large_image\" \/>\n<meta name=\"twitter:creator\" content=\"@apdl_lu\" \/>\n<meta name=\"twitter:site\" content=\"@apdl_lu\" \/>\n<meta name=\"twitter:label1\" content=\"Written by\" \/>\n\t<meta name=\"twitter:data1\" content=\"Administrateur APDL\" \/>\n\t<meta name=\"twitter:label2\" content=\"Est. reading time\" \/>\n\t<meta name=\"twitter:data2\" content=\"1 minute\" \/>\n<script type=\"application\/ld+json\" class=\"yoast-schema-graph\">{\"@context\":\"https:\/\/schema.org\",\"@graph\":[{\"@type\":\"WebPage\",\"@id\":\"https:\/\/apdl.lu\/2020\/10\/6e-assemblee-generale-ordinaire\/\",\"url\":\"https:\/\/apdl.lu\/2020\/10\/6e-assemblee-generale-ordinaire\/\",\"name\":\"[:fr]6e Assembl\u00e9e G\u00e9n\u00e9rale Ordinaire [:en]6th Annual General Meeting[:] - APDL\",\"isPartOf\":{\"@id\":\"https:\/\/apdl.lu\/#website\"},\"datePublished\":\"2020-10-14T21:21:12+00:00\",\"dateModified\":\"2020-10-14T21:36:57+00:00\",\"author\":{\"@id\":\"https:\/\/apdl.lu\/#\/schema\/person\/62762ff19ff7944c67e9eeeb0be2bb14\"},\"breadcrumb\":{\"@id\":\"https:\/\/apdl.lu\/2020\/10\/6e-assemblee-generale-ordinaire\/#breadcrumb\"},\"inLanguage\":\"en-US\",\"potentialAction\":[{\"@type\":\"ReadAction\",\"target\":[\"https:\/\/apdl.lu\/2020\/10\/6e-assemblee-generale-ordinaire\/\"]}]},{\"@type\":\"BreadcrumbList\",\"@id\":\"https:\/\/apdl.lu\/2020\/10\/6e-assemblee-generale-ordinaire\/#breadcrumb\",\"itemListElement\":[{\"@type\":\"ListItem\",\"position\":1,\"name\":\"Accueil\",\"item\":\"https:\/\/apdl.lu\/\"},{\"@type\":\"ListItem\",\"position\":2,\"name\":\"6e Assembl\u00e9e G\u00e9n\u00e9rale Ordinaire\"}]},{\"@type\":\"WebSite\",\"@id\":\"https:\/\/apdl.lu\/#website\",\"url\":\"https:\/\/apdl.lu\/\",\"name\":\"APDL\",\"description\":\"\",\"potentialAction\":[{\"@type\":\"SearchAction\",\"target\":{\"@type\":\"EntryPoint\",\"urlTemplate\":\"https:\/\/apdl.lu\/?s={search_term_string}\"},\"query-input\":\"required name=search_term_string\"}],\"inLanguage\":\"en-US\"},{\"@type\":\"Person\",\"@id\":\"https:\/\/apdl.lu\/#\/schema\/person\/62762ff19ff7944c67e9eeeb0be2bb14\",\"name\":\"Administrateur APDL\",\"image\":{\"@type\":\"ImageObject\",\"inLanguage\":\"en-US\",\"@id\":\"https:\/\/apdl.lu\/#\/schema\/person\/image\/\",\"url\":\"https:\/\/secure.gravatar.com\/avatar\/49a07aeb8bb890a8b3b766c2687a1362?s=96&d=mm&r=g\",\"contentUrl\":\"https:\/\/secure.gravatar.com\/avatar\/49a07aeb8bb890a8b3b766c2687a1362?s=96&d=mm&r=g\",\"caption\":\"Administrateur APDL\"},\"sameAs\":[\"http:\/\/apdl.lu\"],\"url\":\"https:\/\/apdl.lu\/en\/author\/board\/\"}]}<\/script>\n<!-- \/ Yoast SEO plugin. -->","yoast_head_json":{"title":"[:fr]6e Assembl\u00e9e G\u00e9n\u00e9rale Ordinaire [:en]6th Annual General Meeting[:] - APDL","robots":{"index":"index","follow":"follow","max-snippet":"max-snippet:-1","max-image-preview":"max-image-preview:large","max-video-preview":"max-video-preview:-1"},"canonical":"https:\/\/apdl.lu\/2020\/10\/6e-assemblee-generale-ordinaire\/","og_locale":"en_US","og_type":"article","og_title":"[:fr]6e Assembl\u00e9e G\u00e9n\u00e9rale Ordinaire [:en]6th Annual General Meeting[:] - APDL","og_description":"The APDL Annual General Meeting \u00a0took place on Wednesday, October 7 in the premises of DSM. Following the candidacies submitted prior to the General Assembly meeting, fourteen members were elected to replace members of the board of directors at the end of their term of office or who have resigned, in the persons of: Nathalie [&hellip;]","og_url":"https:\/\/apdl.lu\/2020\/10\/6e-assemblee-generale-ordinaire\/","og_site_name":"APDL","article_published_time":"2020-10-14T21:21:12+00:00","article_modified_time":"2020-10-14T21:36:57+00:00","og_image":[{"width":1280,"height":849,"url":"https:\/\/apdl.lu\/wp-content\/uploads\/2020\/10\/IMG_0139.jpg","type":"image\/jpeg"}],"author":"Administrateur APDL","twitter_card":"summary_large_image","twitter_creator":"@apdl_lu","twitter_site":"@apdl_lu","twitter_misc":{"Written by":"Administrateur APDL","Est. reading time":"1 minute"},"schema":{"@context":"https:\/\/schema.org","@graph":[{"@type":"WebPage","@id":"https:\/\/apdl.lu\/2020\/10\/6e-assemblee-generale-ordinaire\/","url":"https:\/\/apdl.lu\/2020\/10\/6e-assemblee-generale-ordinaire\/","name":"[:fr]6e Assembl\u00e9e G\u00e9n\u00e9rale Ordinaire [:en]6th Annual General Meeting[:] - APDL","isPartOf":{"@id":"https:\/\/apdl.lu\/#website"},"datePublished":"2020-10-14T21:21:12+00:00","dateModified":"2020-10-14T21:36:57+00:00","author":{"@id":"https:\/\/apdl.lu\/#\/schema\/person\/62762ff19ff7944c67e9eeeb0be2bb14"},"breadcrumb":{"@id":"https:\/\/apdl.lu\/2020\/10\/6e-assemblee-generale-ordinaire\/#breadcrumb"},"inLanguage":"en-US","potentialAction":[{"@type":"ReadAction","target":["https:\/\/apdl.lu\/2020\/10\/6e-assemblee-generale-ordinaire\/"]}]},{"@type":"BreadcrumbList","@id":"https:\/\/apdl.lu\/2020\/10\/6e-assemblee-generale-ordinaire\/#breadcrumb","itemListElement":[{"@type":"ListItem","position":1,"name":"Accueil","item":"https:\/\/apdl.lu\/"},{"@type":"ListItem","position":2,"name":"6e Assembl\u00e9e G\u00e9n\u00e9rale Ordinaire"}]},{"@type":"WebSite","@id":"https:\/\/apdl.lu\/#website","url":"https:\/\/apdl.lu\/","name":"APDL","description":"","potentialAction":[{"@type":"SearchAction","target":{"@type":"EntryPoint","urlTemplate":"https:\/\/apdl.lu\/?s={search_term_string}"},"query-input":"required name=search_term_string"}],"inLanguage":"en-US"},{"@type":"Person","@id":"https:\/\/apdl.lu\/#\/schema\/person\/62762ff19ff7944c67e9eeeb0be2bb14","name":"Administrateur APDL","image":{"@type":"ImageObject","inLanguage":"en-US","@id":"https:\/\/apdl.lu\/#\/schema\/person\/image\/","url":"https:\/\/secure.gravatar.com\/avatar\/49a07aeb8bb890a8b3b766c2687a1362?s=96&d=mm&r=g","contentUrl":"https:\/\/secure.gravatar.com\/avatar\/49a07aeb8bb890a8b3b766c2687a1362?s=96&d=mm&r=g","caption":"Administrateur APDL"},"sameAs":["http:\/\/apdl.lu"],"url":"https:\/\/apdl.lu\/en\/author\/board\/"}]}},"_links":{"self":[{"href":"https:\/\/apdl.lu\/en\/wp-json\/wp\/v2\/posts\/4396"}],"collection":[{"href":"https:\/\/apdl.lu\/en\/wp-json\/wp\/v2\/posts"}],"about":[{"href":"https:\/\/apdl.lu\/en\/wp-json\/wp\/v2\/types\/post"}],"author":[{"embeddable":true,"href":"https:\/\/apdl.lu\/en\/wp-json\/wp\/v2\/users\/2"}],"replies":[{"embeddable":true,"href":"https:\/\/apdl.lu\/en\/wp-json\/wp\/v2\/comments?post=4396"}],"version-history":[{"count":2,"href":"https:\/\/apdl.lu\/en\/wp-json\/wp\/v2\/posts\/4396\/revisions"}],"predecessor-version":[{"id":4398,"href":"https:\/\/apdl.lu\/en\/wp-json\/wp\/v2\/posts\/4396\/revisions\/4398"}],"wp:featuredmedia":[{"embeddable":true,"href":"https:\/\/apdl.lu\/en\/wp-json\/wp\/v2\/media\/4375"}],"wp:attachment":[{"href":"https:\/\/apdl.lu\/en\/wp-json\/wp\/v2\/media?parent=4396"}],"wp:term":[{"taxonomy":"category","embeddable":true,"href":"https:\/\/apdl.lu\/en\/wp-json\/wp\/v2\/categories?post=4396"},{"taxonomy":"post_tag","embeddable":true,"href":"https:\/\/apdl.lu\/en\/wp-json\/wp\/v2\/tags?post=4396"}],"curies":[{"name":"wp","href":"https:\/\/api.w.org\/{rel}","templated":true}]}}