{"id":4551,"date":"2023-01-09T13:57:35","date_gmt":"2023-01-09T12:57:35","guid":{"rendered":"https:\/\/apdl.lu\/?p=4551"},"modified":"2023-01-09T14:03:13","modified_gmt":"2023-01-09T13:03:13","slug":"journee-de-la-protection-des-donnees-2023-linscription-en-ligne-est-ouverte","status":"publish","type":"post","link":"https:\/\/apdl.lu\/en\/2023\/01\/journee-de-la-protection-des-donnees-2023-linscription-en-ligne-est-ouverte\/","title":{"rendered":"Data Privacy Day 2023 : Online registration is available"},"content":{"rendered":"<p><\/p>\n<div class=\"moz-forward-container\">\n<div class=\"moz-forward-container\">\n<div class=\"moz-forward-container\">\n<div class=\"moz-text-html\" lang=\"x-unicode\">\n<div class=\"moz-text-html\" lang=\"x-unicode\">\n<div class=\"moz-forward-container\">\n<div class=\"moz-forward-container\">\n<div class=\"moz-forward-container\">\n<p>Data Privacy Day 2023 will be held at the end of the month on the occasion of the Data Protection Day with a focus on the value of educating and interpreting in Privacy.<\/p>\n<p><a href=\"https:\/\/dataprivacyday.lu\/registration\/\" target=\"_blank\" rel=\"noopener\">Online<\/a> registration is now open and the <a href=\"https:\/\/dataprivacyday.lu\/programme\/schedule\/\" target=\"_blank\" rel=\"noopener\">schedule<\/a> is available.<\/p>\n<p>We would be happy to welcome you and share useful information related to data privacy and data protection regulation.<\/p>\n<\/div>\n<p>Please be aware that Data Privacy Day 2023 is a hybrid event, you can attend live or virtually.<\/p>\n<p>If you encounter any problem during registration, please do not hesitate to contact\u00a0 communication@restena.lu<\/p>\n<p>We look forward to seeing you on 30 January 2023.<\/p>\n<\/div>\n<\/div>\n<\/div>\n<\/div>\n<\/div>\n<\/div>\n<\/div>\n<p><\/p>","protected":false},"excerpt":{"rendered":"<p>Data Privacy Day 2023 will be held at the end of the month on the occasion of the Data Protection Day with a focus on the value of educating and interpreting in Privacy. Online registration is now open and the schedule is available. We would be happy to welcome you and share useful information related [&hellip;]<\/p>\n","protected":false},"author":2,"featured_media":4539,"comment_status":"closed","ping_status":"closed","sticky":false,"template":"","format":"standard","meta":[],"categories":[16],"tags":[],"yoast_head":"<!-- This site is optimized with the Yoast SEO plugin v19.5.1 - https:\/\/yoast.com\/wordpress\/plugins\/seo\/ -->\n<title>Data Privacy Day 2023 : Online registration is available - APDL<\/title>\n<meta name=\"description\" content=\"Ouverture pour l&#039;inscription en ligne \u00e0 la journ\u00e9e de la protection des donn\u00e9es 2023 et liens vers le programme\" \/>\n<meta name=\"robots\" content=\"index, follow, max-snippet:-1, max-image-preview:large, max-video-preview:-1\" \/>\n<link rel=\"canonical\" href=\"https:\/\/apdl.lu\/2023\/01\/journee-de-la-protection-des-donnees-2023-linscription-en-ligne-est-ouverte\/\" \/>\n<meta property=\"og:locale\" content=\"en_US\" \/>\n<meta property=\"og:type\" content=\"article\" \/>\n<meta property=\"og:title\" content=\"[:fr]Journ\u00e9e de la protection des donn\u00e9es 2023 : L&#039;inscription en ligne est ouverte[:en]Data Privacy Day 2023 : Online registration is available[:] - APDL\" \/>\n<meta property=\"og:description\" content=\"Ouverture pour l&#039;inscription en ligne \u00e0 la journ\u00e9e de la protection des donn\u00e9es 2023 et liens vers le programme\" \/>\n<meta property=\"og:url\" content=\"https:\/\/apdl.lu\/2023\/01\/journee-de-la-protection-des-donnees-2023-linscription-en-ligne-est-ouverte\/\" \/>\n<meta property=\"og:site_name\" content=\"APDL\" \/>\n<meta property=\"article:published_time\" content=\"2023-01-09T12:57:35+00:00\" \/>\n<meta property=\"article:modified_time\" content=\"2023-01-09T13:03:13+00:00\" \/>\n<meta property=\"og:image\" content=\"https:\/\/apdl.lu\/wp-content\/uploads\/2022\/12\/BANNER_DataPrivacyDay2023_1000x617px_PUB.png\" \/>\n\t<meta property=\"og:image:width\" content=\"1000\" \/>\n\t<meta property=\"og:image:height\" content=\"617\" \/>\n\t<meta property=\"og:image:type\" content=\"image\/png\" \/>\n<meta name=\"author\" content=\"Administrateur APDL\" \/>\n<meta name=\"twitter:card\" content=\"summary_large_image\" \/>\n<meta name=\"twitter:creator\" content=\"@apdl_lu\" \/>\n<meta name=\"twitter:site\" content=\"@apdl_lu\" \/>\n<meta name=\"twitter:label1\" content=\"Written by\" \/>\n\t<meta name=\"twitter:data1\" content=\"Administrateur APDL\" \/>\n\t<meta name=\"twitter:label2\" content=\"Est. reading time\" \/>\n\t<meta name=\"twitter:data2\" content=\"1 minute\" \/>\n<script type=\"application\/ld+json\" class=\"yoast-schema-graph\">{\"@context\":\"https:\/\/schema.org\",\"@graph\":[{\"@type\":\"WebPage\",\"@id\":\"https:\/\/apdl.lu\/2023\/01\/journee-de-la-protection-des-donnees-2023-linscription-en-ligne-est-ouverte\/\",\"url\":\"https:\/\/apdl.lu\/2023\/01\/journee-de-la-protection-des-donnees-2023-linscription-en-ligne-est-ouverte\/\",\"name\":\"[:fr]Journ\u00e9e de la protection des donn\u00e9es 2023 : L'inscription en ligne est ouverte[:en]Data Privacy Day 2023 : Online registration is available[:] - APDL\",\"isPartOf\":{\"@id\":\"https:\/\/apdl.lu\/#website\"},\"datePublished\":\"2023-01-09T12:57:35+00:00\",\"dateModified\":\"2023-01-09T13:03:13+00:00\",\"author\":{\"@id\":\"https:\/\/apdl.lu\/#\/schema\/person\/62762ff19ff7944c67e9eeeb0be2bb14\"},\"description\":\"Ouverture pour l'inscription en ligne \u00e0 la journ\u00e9e de la protection des donn\u00e9es 2023 et liens vers le programme\",\"breadcrumb\":{\"@id\":\"https:\/\/apdl.lu\/2023\/01\/journee-de-la-protection-des-donnees-2023-linscription-en-ligne-est-ouverte\/#breadcrumb\"},\"inLanguage\":\"en-US\",\"potentialAction\":[{\"@type\":\"ReadAction\",\"target\":[\"https:\/\/apdl.lu\/2023\/01\/journee-de-la-protection-des-donnees-2023-linscription-en-ligne-est-ouverte\/\"]}]},{\"@type\":\"BreadcrumbList\",\"@id\":\"https:\/\/apdl.lu\/2023\/01\/journee-de-la-protection-des-donnees-2023-linscription-en-ligne-est-ouverte\/#breadcrumb\",\"itemListElement\":[{\"@type\":\"ListItem\",\"position\":1,\"name\":\"Accueil\",\"item\":\"https:\/\/apdl.lu\/\"},{\"@type\":\"ListItem\",\"position\":2,\"name\":\"Journ\u00e9e de la protection des donn\u00e9es 2023 : L&#8217;inscription en ligne est ouverte\"}]},{\"@type\":\"WebSite\",\"@id\":\"https:\/\/apdl.lu\/#website\",\"url\":\"https:\/\/apdl.lu\/\",\"name\":\"APDL\",\"description\":\"\",\"potentialAction\":[{\"@type\":\"SearchAction\",\"target\":{\"@type\":\"EntryPoint\",\"urlTemplate\":\"https:\/\/apdl.lu\/?s={search_term_string}\"},\"query-input\":\"required name=search_term_string\"}],\"inLanguage\":\"en-US\"},{\"@type\":\"Person\",\"@id\":\"https:\/\/apdl.lu\/#\/schema\/person\/62762ff19ff7944c67e9eeeb0be2bb14\",\"name\":\"Administrateur APDL\",\"image\":{\"@type\":\"ImageObject\",\"inLanguage\":\"en-US\",\"@id\":\"https:\/\/apdl.lu\/#\/schema\/person\/image\/\",\"url\":\"https:\/\/secure.gravatar.com\/avatar\/49a07aeb8bb890a8b3b766c2687a1362?s=96&d=mm&r=g\",\"contentUrl\":\"https:\/\/secure.gravatar.com\/avatar\/49a07aeb8bb890a8b3b766c2687a1362?s=96&d=mm&r=g\",\"caption\":\"Administrateur APDL\"},\"sameAs\":[\"http:\/\/apdl.lu\"],\"url\":\"https:\/\/apdl.lu\/en\/author\/board\/\"}]}<\/script>\n<!-- \/ Yoast SEO plugin. -->","yoast_head_json":{"title":"[:fr]Journ\u00e9e de la protection des donn\u00e9es 2023 : L'inscription en ligne est ouverte[:en]Data Privacy Day 2023 : Online registration is available[:] - APDL","description":"Ouverture pour l'inscription en ligne \u00e0 la journ\u00e9e de la protection des donn\u00e9es 2023 et liens vers le programme","robots":{"index":"index","follow":"follow","max-snippet":"max-snippet:-1","max-image-preview":"max-image-preview:large","max-video-preview":"max-video-preview:-1"},"canonical":"https:\/\/apdl.lu\/2023\/01\/journee-de-la-protection-des-donnees-2023-linscription-en-ligne-est-ouverte\/","og_locale":"en_US","og_type":"article","og_title":"[:fr]Journ\u00e9e de la protection des donn\u00e9es 2023 : L'inscription en ligne est ouverte[:en]Data Privacy Day 2023 : Online registration is available[:] - APDL","og_description":"Ouverture pour l'inscription en ligne \u00e0 la journ\u00e9e de la protection des donn\u00e9es 2023 et liens vers le programme","og_url":"https:\/\/apdl.lu\/2023\/01\/journee-de-la-protection-des-donnees-2023-linscription-en-ligne-est-ouverte\/","og_site_name":"APDL","article_published_time":"2023-01-09T12:57:35+00:00","article_modified_time":"2023-01-09T13:03:13+00:00","og_image":[{"width":1000,"height":617,"url":"https:\/\/apdl.lu\/wp-content\/uploads\/2022\/12\/BANNER_DataPrivacyDay2023_1000x617px_PUB.png","type":"image\/png"}],"author":"Administrateur APDL","twitter_card":"summary_large_image","twitter_creator":"@apdl_lu","twitter_site":"@apdl_lu","twitter_misc":{"Written by":"Administrateur APDL","Est. reading time":"1 minute"},"schema":{"@context":"https:\/\/schema.org","@graph":[{"@type":"WebPage","@id":"https:\/\/apdl.lu\/2023\/01\/journee-de-la-protection-des-donnees-2023-linscription-en-ligne-est-ouverte\/","url":"https:\/\/apdl.lu\/2023\/01\/journee-de-la-protection-des-donnees-2023-linscription-en-ligne-est-ouverte\/","name":"[:fr]Journ\u00e9e de la protection des donn\u00e9es 2023 : L'inscription en ligne est ouverte[:en]Data Privacy Day 2023 : Online registration is available[:] - APDL","isPartOf":{"@id":"https:\/\/apdl.lu\/#website"},"datePublished":"2023-01-09T12:57:35+00:00","dateModified":"2023-01-09T13:03:13+00:00","author":{"@id":"https:\/\/apdl.lu\/#\/schema\/person\/62762ff19ff7944c67e9eeeb0be2bb14"},"description":"Ouverture pour l'inscription en ligne \u00e0 la journ\u00e9e de la protection des donn\u00e9es 2023 et liens vers le programme","breadcrumb":{"@id":"https:\/\/apdl.lu\/2023\/01\/journee-de-la-protection-des-donnees-2023-linscription-en-ligne-est-ouverte\/#breadcrumb"},"inLanguage":"en-US","potentialAction":[{"@type":"ReadAction","target":["https:\/\/apdl.lu\/2023\/01\/journee-de-la-protection-des-donnees-2023-linscription-en-ligne-est-ouverte\/"]}]},{"@type":"BreadcrumbList","@id":"https:\/\/apdl.lu\/2023\/01\/journee-de-la-protection-des-donnees-2023-linscription-en-ligne-est-ouverte\/#breadcrumb","itemListElement":[{"@type":"ListItem","position":1,"name":"Accueil","item":"https:\/\/apdl.lu\/"},{"@type":"ListItem","position":2,"name":"Journ\u00e9e de la protection des donn\u00e9es 2023 : L&#8217;inscription en ligne est ouverte"}]},{"@type":"WebSite","@id":"https:\/\/apdl.lu\/#website","url":"https:\/\/apdl.lu\/","name":"APDL","description":"","potentialAction":[{"@type":"SearchAction","target":{"@type":"EntryPoint","urlTemplate":"https:\/\/apdl.lu\/?s={search_term_string}"},"query-input":"required name=search_term_string"}],"inLanguage":"en-US"},{"@type":"Person","@id":"https:\/\/apdl.lu\/#\/schema\/person\/62762ff19ff7944c67e9eeeb0be2bb14","name":"Administrateur APDL","image":{"@type":"ImageObject","inLanguage":"en-US","@id":"https:\/\/apdl.lu\/#\/schema\/person\/image\/","url":"https:\/\/secure.gravatar.com\/avatar\/49a07aeb8bb890a8b3b766c2687a1362?s=96&d=mm&r=g","contentUrl":"https:\/\/secure.gravatar.com\/avatar\/49a07aeb8bb890a8b3b766c2687a1362?s=96&d=mm&r=g","caption":"Administrateur APDL"},"sameAs":["http:\/\/apdl.lu"],"url":"https:\/\/apdl.lu\/en\/author\/board\/"}]}},"_links":{"self":[{"href":"https:\/\/apdl.lu\/en\/wp-json\/wp\/v2\/posts\/4551"}],"collection":[{"href":"https:\/\/apdl.lu\/en\/wp-json\/wp\/v2\/posts"}],"about":[{"href":"https:\/\/apdl.lu\/en\/wp-json\/wp\/v2\/types\/post"}],"author":[{"embeddable":true,"href":"https:\/\/apdl.lu\/en\/wp-json\/wp\/v2\/users\/2"}],"replies":[{"embeddable":true,"href":"https:\/\/apdl.lu\/en\/wp-json\/wp\/v2\/comments?post=4551"}],"version-history":[{"count":1,"href":"https:\/\/apdl.lu\/en\/wp-json\/wp\/v2\/posts\/4551\/revisions"}],"predecessor-version":[{"id":4552,"href":"https:\/\/apdl.lu\/en\/wp-json\/wp\/v2\/posts\/4551\/revisions\/4552"}],"wp:featuredmedia":[{"embeddable":true,"href":"https:\/\/apdl.lu\/en\/wp-json\/wp\/v2\/media\/4539"}],"wp:attachment":[{"href":"https:\/\/apdl.lu\/en\/wp-json\/wp\/v2\/media?parent=4551"}],"wp:term":[{"taxonomy":"category","embeddable":true,"href":"https:\/\/apdl.lu\/en\/wp-json\/wp\/v2\/categories?post=4551"},{"taxonomy":"post_tag","embeddable":true,"href":"https:\/\/apdl.lu\/en\/wp-json\/wp\/v2\/tags?post=4551"}],"curies":[{"name":"wp","href":"https:\/\/api.w.org\/{rel}","templated":true}]}}