{"id":4587,"date":"2023-03-07T23:10:31","date_gmt":"2023-03-07T22:10:31","guid":{"rendered":"https:\/\/apdl.lu\/?p=4587"},"modified":"2023-03-07T23:10:50","modified_gmt":"2023-03-07T22:10:50","slug":"transferts-internationnaux","status":"publish","type":"post","link":"https:\/\/apdl.lu\/en\/2023\/03\/transferts-internationnaux\/","title":{"rendered":"International data transfers: new complications, thoughts and solutions"},"content":{"rendered":"<p>Renaud Le Squeren, Partner &#8211; Avocat \u00e0 la Cour at DSM Avocats \u00e0 la Cour and Vice President of \u00a0APDL, participated in Data Privacy Day and spoke on the topic of &#8220;international data transfers: new complications, thoughts and solutions&#8221;.<\/p>\n<p>Slides: <a href=\"https:\/\/eur01.safelinks.protection.outlook.com\/?url=https%3A%2F%2Fdataprivacyday.lu%2Fwp-content%2Fuploads%2F2023%2F01%2F05_APDL_DataPrivacyDay2023.pdf&amp;data=05%7C01%7CNathalie.Sprauer%40raiffeisen.lu%7C2c69b4de5615477739b408db13e4d92f%7C13f829b3a10c4b03896fbb9b2de6ed3e%7C0%7C0%7C638125647269219792%7CUnknown%7CTWFpbGZsb3d8eyJWIjoiMC4wLjAwMDAiLCJQIjoiV2luMzIiLCJBTiI6Ik1haWwiLCJXVCI6Mn0%3D%7C3000%7C%7C%7C&amp;sdata=P16iT6WGue9XzVXzrX%2BtsGbWb7WtglJU0ggzTgsAIW4%3D&amp;reserved=0\">https:\/\/dataprivacyday.lu\/wp-content\/uploads\/2023\/01\/05_APDL_DataPrivacyDay2023.pdf<\/a><\/p>\n<p>To know more about the speakers and the event (DataPrivacyDay 2023): <a href=\"https:\/\/eur01.safelinks.protection.outlook.com\/?url=https%3A%2F%2Fdataprivacyday.lu%2F&amp;data=05%7C01%7CNathalie.Sprauer%40raiffeisen.lu%7C2c69b4de5615477739b408db13e4d92f%7C13f829b3a10c4b03896fbb9b2de6ed3e%7C0%7C0%7C638125647269376034%7CUnknown%7CTWFpbGZsb3d8eyJWIjoiMC4wLjAwMDAiLCJQIjoiV2luMzIiLCJBTiI6Ik1haWwiLCJXVCI6Mn0%3D%7C3000%7C%7C%7C&amp;sdata=hh2VQL%2B%2F2xatkvwO0PgPTfHtombNiZ%2BBMHQkIOwJL98%3D&amp;reserved=0\">https:\/\/dataprivacyday.lu\/<\/a><\/p>\n<p><a href=\"https:\/\/eur01.safelinks.protection.outlook.com\/?url=https%3A%2F%2Fyoutu.be%2FDhnFnLR3tkU&amp;data=05%7C01%7CNathalie.Sprauer%40raiffeisen.lu%7Cd93d86fd457d45dd4c8008db1f147491%7C13f829b3a10c4b03896fbb9b2de6ed3e%7C0%7C0%7C638137944943235748%7CUnknown%7CTWFpbGZsb3d8eyJWIjoiMC4wLjAwMDAiLCJQIjoiV2luMzIiLCJBTiI6Ik1haWwiLCJXVCI6Mn0%3D%7C3000%7C%7C%7C&amp;sdata=Su7vcKJuSowtcEuUe%2F9ABxOgBcBlq32FU7hNSRtVQoQ%3D&amp;reserved=0\" target=\"_blank\" rel=\"noopener\">Watch the speech again<\/a><\/p>","protected":false},"excerpt":{"rendered":"<p>Renaud Le Squeren, Partner &#8211; Avocat \u00e0 la Cour at DSM Avocats \u00e0 la Cour and Vice President of \u00a0APDL, participated in Data Privacy Day and spoke on the topic of &#8220;international data transfers: new complications, thoughts and solutions&#8221;. Slides: https:\/\/dataprivacyday.lu\/wp-content\/uploads\/2023\/01\/05_APDL_DataPrivacyDay2023.pdf To know more about the speakers and the event (DataPrivacyDay 2023): https:\/\/dataprivacyday.lu\/ Watch the [&hellip;]<\/p>\n","protected":false},"author":2,"featured_media":4539,"comment_status":"closed","ping_status":"closed","sticky":false,"template":"","format":"standard","meta":[],"categories":[40,16],"tags":[],"yoast_head":"<!-- This site is optimized with the Yoast SEO plugin v19.5.1 - https:\/\/yoast.com\/wordpress\/plugins\/seo\/ -->\n<title>International data transfers: new complications, thoughts and solutions - APDL<\/title>\n<meta name=\"description\" content=\"Pr\u00e9sentation des nouvelles complications, r\u00e9flexions et solutions sur les transferts internationaux de donn\u00e9es \u00e0 caract\u00e8re personnel\" \/>\n<meta name=\"robots\" content=\"index, follow, max-snippet:-1, max-image-preview:large, max-video-preview:-1\" \/>\n<link rel=\"canonical\" href=\"https:\/\/apdl.lu\/2023\/03\/transferts-internationnaux\/\" \/>\n<meta property=\"og:locale\" content=\"en_US\" \/>\n<meta property=\"og:type\" content=\"article\" \/>\n<meta property=\"og:title\" content=\"[:fr]Transferts internationaux de donn\u00e9es : nouvelles complications, r\u00e9flexions et solutions[:en]International data transfers: new complications, thoughts and solutions[:] - APDL\" \/>\n<meta property=\"og:description\" content=\"Pr\u00e9sentation des nouvelles complications, r\u00e9flexions et solutions sur les transferts internationaux de donn\u00e9es \u00e0 caract\u00e8re personnel\" \/>\n<meta property=\"og:url\" content=\"https:\/\/apdl.lu\/2023\/03\/transferts-internationnaux\/\" \/>\n<meta property=\"og:site_name\" content=\"APDL\" \/>\n<meta property=\"article:published_time\" content=\"2023-03-07T22:10:31+00:00\" \/>\n<meta property=\"article:modified_time\" content=\"2023-03-07T22:10:50+00:00\" \/>\n<meta property=\"og:image\" content=\"https:\/\/apdl.lu\/wp-content\/uploads\/2022\/12\/BANNER_DataPrivacyDay2023_1000x617px_PUB.png\" \/>\n\t<meta property=\"og:image:width\" content=\"1000\" \/>\n\t<meta property=\"og:image:height\" content=\"617\" \/>\n\t<meta property=\"og:image:type\" content=\"image\/png\" \/>\n<meta name=\"author\" content=\"Administrateur APDL\" \/>\n<meta name=\"twitter:card\" content=\"summary_large_image\" \/>\n<meta name=\"twitter:creator\" content=\"@apdl_lu\" \/>\n<meta name=\"twitter:site\" content=\"@apdl_lu\" \/>\n<meta name=\"twitter:label1\" content=\"Written by\" \/>\n\t<meta name=\"twitter:data1\" content=\"Administrateur APDL\" \/>\n\t<meta name=\"twitter:label2\" content=\"Est. reading time\" \/>\n\t<meta name=\"twitter:data2\" content=\"1 minute\" \/>\n<script type=\"application\/ld+json\" class=\"yoast-schema-graph\">{\"@context\":\"https:\/\/schema.org\",\"@graph\":[{\"@type\":\"WebPage\",\"@id\":\"https:\/\/apdl.lu\/2023\/03\/transferts-internationnaux\/\",\"url\":\"https:\/\/apdl.lu\/2023\/03\/transferts-internationnaux\/\",\"name\":\"[:fr]Transferts internationaux de donn\u00e9es : nouvelles complications, r\u00e9flexions et solutions[:en]International data transfers: new complications, thoughts and solutions[:] - APDL\",\"isPartOf\":{\"@id\":\"https:\/\/apdl.lu\/#website\"},\"datePublished\":\"2023-03-07T22:10:31+00:00\",\"dateModified\":\"2023-03-07T22:10:50+00:00\",\"author\":{\"@id\":\"https:\/\/apdl.lu\/#\/schema\/person\/62762ff19ff7944c67e9eeeb0be2bb14\"},\"description\":\"Pr\u00e9sentation des nouvelles complications, r\u00e9flexions et solutions sur les transferts internationaux de donn\u00e9es \u00e0 caract\u00e8re personnel\",\"breadcrumb\":{\"@id\":\"https:\/\/apdl.lu\/2023\/03\/transferts-internationnaux\/#breadcrumb\"},\"inLanguage\":\"en-US\",\"potentialAction\":[{\"@type\":\"ReadAction\",\"target\":[\"https:\/\/apdl.lu\/2023\/03\/transferts-internationnaux\/\"]}]},{\"@type\":\"BreadcrumbList\",\"@id\":\"https:\/\/apdl.lu\/2023\/03\/transferts-internationnaux\/#breadcrumb\",\"itemListElement\":[{\"@type\":\"ListItem\",\"position\":1,\"name\":\"Accueil\",\"item\":\"https:\/\/apdl.lu\/\"},{\"@type\":\"ListItem\",\"position\":2,\"name\":\"Transferts internationaux de donn\u00e9es : nouvelles complications, r\u00e9flexions et solutions\"}]},{\"@type\":\"WebSite\",\"@id\":\"https:\/\/apdl.lu\/#website\",\"url\":\"https:\/\/apdl.lu\/\",\"name\":\"APDL\",\"description\":\"\",\"potentialAction\":[{\"@type\":\"SearchAction\",\"target\":{\"@type\":\"EntryPoint\",\"urlTemplate\":\"https:\/\/apdl.lu\/?s={search_term_string}\"},\"query-input\":\"required name=search_term_string\"}],\"inLanguage\":\"en-US\"},{\"@type\":\"Person\",\"@id\":\"https:\/\/apdl.lu\/#\/schema\/person\/62762ff19ff7944c67e9eeeb0be2bb14\",\"name\":\"Administrateur APDL\",\"image\":{\"@type\":\"ImageObject\",\"inLanguage\":\"en-US\",\"@id\":\"https:\/\/apdl.lu\/#\/schema\/person\/image\/\",\"url\":\"https:\/\/secure.gravatar.com\/avatar\/49a07aeb8bb890a8b3b766c2687a1362?s=96&d=mm&r=g\",\"contentUrl\":\"https:\/\/secure.gravatar.com\/avatar\/49a07aeb8bb890a8b3b766c2687a1362?s=96&d=mm&r=g\",\"caption\":\"Administrateur APDL\"},\"sameAs\":[\"http:\/\/apdl.lu\"],\"url\":\"https:\/\/apdl.lu\/en\/author\/board\/\"}]}<\/script>\n<!-- \/ Yoast SEO plugin. -->","yoast_head_json":{"title":"[:fr]Transferts internationaux de donn\u00e9es : nouvelles complications, r\u00e9flexions et solutions[:en]International data transfers: new complications, thoughts and solutions[:] - APDL","description":"Pr\u00e9sentation des nouvelles complications, r\u00e9flexions et solutions sur les transferts internationaux de donn\u00e9es \u00e0 caract\u00e8re personnel","robots":{"index":"index","follow":"follow","max-snippet":"max-snippet:-1","max-image-preview":"max-image-preview:large","max-video-preview":"max-video-preview:-1"},"canonical":"https:\/\/apdl.lu\/2023\/03\/transferts-internationnaux\/","og_locale":"en_US","og_type":"article","og_title":"[:fr]Transferts internationaux de donn\u00e9es : nouvelles complications, r\u00e9flexions et solutions[:en]International data transfers: new complications, thoughts and solutions[:] - APDL","og_description":"Pr\u00e9sentation des nouvelles complications, r\u00e9flexions et solutions sur les transferts internationaux de donn\u00e9es \u00e0 caract\u00e8re personnel","og_url":"https:\/\/apdl.lu\/2023\/03\/transferts-internationnaux\/","og_site_name":"APDL","article_published_time":"2023-03-07T22:10:31+00:00","article_modified_time":"2023-03-07T22:10:50+00:00","og_image":[{"width":1000,"height":617,"url":"https:\/\/apdl.lu\/wp-content\/uploads\/2022\/12\/BANNER_DataPrivacyDay2023_1000x617px_PUB.png","type":"image\/png"}],"author":"Administrateur APDL","twitter_card":"summary_large_image","twitter_creator":"@apdl_lu","twitter_site":"@apdl_lu","twitter_misc":{"Written by":"Administrateur APDL","Est. reading time":"1 minute"},"schema":{"@context":"https:\/\/schema.org","@graph":[{"@type":"WebPage","@id":"https:\/\/apdl.lu\/2023\/03\/transferts-internationnaux\/","url":"https:\/\/apdl.lu\/2023\/03\/transferts-internationnaux\/","name":"[:fr]Transferts internationaux de donn\u00e9es : nouvelles complications, r\u00e9flexions et solutions[:en]International data transfers: new complications, thoughts and solutions[:] - APDL","isPartOf":{"@id":"https:\/\/apdl.lu\/#website"},"datePublished":"2023-03-07T22:10:31+00:00","dateModified":"2023-03-07T22:10:50+00:00","author":{"@id":"https:\/\/apdl.lu\/#\/schema\/person\/62762ff19ff7944c67e9eeeb0be2bb14"},"description":"Pr\u00e9sentation des nouvelles complications, r\u00e9flexions et solutions sur les transferts internationaux de donn\u00e9es \u00e0 caract\u00e8re personnel","breadcrumb":{"@id":"https:\/\/apdl.lu\/2023\/03\/transferts-internationnaux\/#breadcrumb"},"inLanguage":"en-US","potentialAction":[{"@type":"ReadAction","target":["https:\/\/apdl.lu\/2023\/03\/transferts-internationnaux\/"]}]},{"@type":"BreadcrumbList","@id":"https:\/\/apdl.lu\/2023\/03\/transferts-internationnaux\/#breadcrumb","itemListElement":[{"@type":"ListItem","position":1,"name":"Accueil","item":"https:\/\/apdl.lu\/"},{"@type":"ListItem","position":2,"name":"Transferts internationaux de donn\u00e9es : nouvelles complications, r\u00e9flexions et solutions"}]},{"@type":"WebSite","@id":"https:\/\/apdl.lu\/#website","url":"https:\/\/apdl.lu\/","name":"APDL","description":"","potentialAction":[{"@type":"SearchAction","target":{"@type":"EntryPoint","urlTemplate":"https:\/\/apdl.lu\/?s={search_term_string}"},"query-input":"required name=search_term_string"}],"inLanguage":"en-US"},{"@type":"Person","@id":"https:\/\/apdl.lu\/#\/schema\/person\/62762ff19ff7944c67e9eeeb0be2bb14","name":"Administrateur APDL","image":{"@type":"ImageObject","inLanguage":"en-US","@id":"https:\/\/apdl.lu\/#\/schema\/person\/image\/","url":"https:\/\/secure.gravatar.com\/avatar\/49a07aeb8bb890a8b3b766c2687a1362?s=96&d=mm&r=g","contentUrl":"https:\/\/secure.gravatar.com\/avatar\/49a07aeb8bb890a8b3b766c2687a1362?s=96&d=mm&r=g","caption":"Administrateur APDL"},"sameAs":["http:\/\/apdl.lu"],"url":"https:\/\/apdl.lu\/en\/author\/board\/"}]}},"_links":{"self":[{"href":"https:\/\/apdl.lu\/en\/wp-json\/wp\/v2\/posts\/4587"}],"collection":[{"href":"https:\/\/apdl.lu\/en\/wp-json\/wp\/v2\/posts"}],"about":[{"href":"https:\/\/apdl.lu\/en\/wp-json\/wp\/v2\/types\/post"}],"author":[{"embeddable":true,"href":"https:\/\/apdl.lu\/en\/wp-json\/wp\/v2\/users\/2"}],"replies":[{"embeddable":true,"href":"https:\/\/apdl.lu\/en\/wp-json\/wp\/v2\/comments?post=4587"}],"version-history":[{"count":1,"href":"https:\/\/apdl.lu\/en\/wp-json\/wp\/v2\/posts\/4587\/revisions"}],"predecessor-version":[{"id":4588,"href":"https:\/\/apdl.lu\/en\/wp-json\/wp\/v2\/posts\/4587\/revisions\/4588"}],"wp:featuredmedia":[{"embeddable":true,"href":"https:\/\/apdl.lu\/en\/wp-json\/wp\/v2\/media\/4539"}],"wp:attachment":[{"href":"https:\/\/apdl.lu\/en\/wp-json\/wp\/v2\/media?parent=4587"}],"wp:term":[{"taxonomy":"category","embeddable":true,"href":"https:\/\/apdl.lu\/en\/wp-json\/wp\/v2\/categories?post=4587"},{"taxonomy":"post_tag","embeddable":true,"href":"https:\/\/apdl.lu\/en\/wp-json\/wp\/v2\/tags?post=4587"}],"curies":[{"name":"wp","href":"https:\/\/api.w.org\/{rel}","templated":true}]}}